{"id":6971,"date":"2023-03-14T09:18:17","date_gmt":"2023-03-14T08:18:17","guid":{"rendered":"https:\/\/websites.fraunhofer.de\/stec\/?p=6971"},"modified":"2025-10-01T11:43:59","modified_gmt":"2025-10-01T09:43:59","slug":"aus-dem-alltag-von-steffen-kiemel","status":"publish","type":"post","link":"https:\/\/s-tec.de\/en\/aus-dem-alltag-von-steffen-kiemel\/","title":{"rendered":"Aus dem Alltag von \u2026 Steffen Kiemel"},"content":{"rendered":"\n<h3 class=\"wp-block-heading\"><strong><strong>Ein Gespr\u00e4ch \u00fcber nachhaltige und biointelligente L\u00f6sungen f\u00fcr die Industrie<\/strong> <\/strong><\/h3>\n\n\n\n<p class=\"has-text-align-left\">Steffen Kiemel ist Leiter der Gruppe \u00bbNachhaltige Systemgestaltung\u00ab am Fraunhofer-Institut f\u00fcr Produktionstechnik und Automatisierung IPA und seit Herbst 2022 stellvertretender Zentrumsleiter des neuen S-TEC <a href=\"https:\/\/s-tec.de\/zentren\/zentrum-fuer-klimaneutrale-produktion-und-ganzheitliche-bilanzierung\/\" target=\"_blank\" rel=\"noreferrer noopener\">Zentrums f\u00fcr Klimaneutrale Produktion und Ganzheitliche Bilanzierung<\/a>, kurz ZKP. Im Interview verr\u00e4t der studierte Wirtschaftsingenieur, warum der Begriff der Klimaneutralit\u00e4t kontrovers diskutiert wird, warum es sich f\u00fcr (Industrie-) Unternehmen lohnt, sich <a href=\"https:\/\/s-tec.de\/themenfelder\/effiziente-nachhaltigkeit-resilienz\/\" target=\"_blank\" rel=\"noreferrer noopener\">nachhaltiger <\/a>auszurichten und wie das ZKP dabei unterst\u00fctzen kann.<\/p>\n\n\n\n<div class=\"wp-block-group\"><div class=\"wp-block-group__inner-container is-layout-flow wp-block-group-is-layout-flow\">\n<div class=\"wp-block-columns is-layout-flex wp-container-core-columns-is-layout-9d6595d7 wp-block-columns-is-layout-flex\">\n<div class=\"wp-block-column is-layout-flow wp-block-column-is-layout-flow\" style=\"flex-basis:100%\">\n<div class=\"wp-block-columns is-layout-flex wp-container-core-columns-is-layout-9d6595d7 wp-block-columns-is-layout-flex\">\n<div class=\"wp-block-column is-layout-flow wp-block-column-is-layout-flow\">\n<p class=\"has-text-align-left\"><strong><strong><strong>Klimaneutralit\u00e4t ist ein wichtiges Stichwort im aktuellen Diskurs. Was genau versteht man darunter?<\/strong><\/strong><\/strong><br><br>Klimaneutralit\u00e4t beschreibt das Gleichgewicht zwischen den Treibhausgasemissionen, die ausgesto\u00dfen werden und der Bindung von diesen Treibhausgasen (THG) durch geeignetes Senken. Da sich der Begriff nur auf die Wirkung der CO<sub>2<\/sub>-\u00c4quivalente st\u00fctzt, wird er allerdings kontrovers diskutiert. Umfassender ist unserer Meinung nach die Umweltneutralit\u00e4t. Neben THG-Emissionen werden dabei weitere Umweltwirkungen ber\u00fccksichtigt, wie beispielsweise die Versauerung der Meere oder der Ozonabbau. Konkrete Zielstellungen existieren derzeit f\u00fcr die Klimaneutralit\u00e4t und diese stellen Unternehmen vor enorme Herausforderungen. An dieser Stelle wollen wir unterst\u00fctzen.<\/p>\n\n\n\n<p><strong>Kannst Du uns mehr \u00fcber Deinen Forschungsschwerpunkt erz\u00e4hlen?<\/strong><\/p>\n\n\n\n<p>Mein Forschungsschwerpunkt liegt im Bereich der <a href=\"https:\/\/s-tec.de\/themenfelder\/effiziente-nachhaltigkeit-resilienz\/\" target=\"_blank\" rel=\"noreferrer noopener\">Nachhaltigkeit <\/a>von industriellen Produktionsumgebungen. Das schlie\u00dft einen relativ breiten Themenstrau\u00df mit ein. Ein Thema, mit dem wir uns am Zentrum f\u00fcr <a href=\"https:\/\/s-tec.de\/zentren\/zentrum-fuer-klimaneutrale-produktion-und-ganzheitliche-bilanzierung\/\" target=\"_blank\" rel=\"noreferrer noopener\">Klimaneutrale Produktion und Ganzheitliche Bilanzierung<\/a> mitunter befassen, sind \u00f6kologische Bilanzierungen von Unternehmen und Produkten. Anhand dieser Analysen l\u00e4sst sich erkennen, welche Klimawirkung ausgel\u00f6st wird. Das hilft unter anderem, um anhand von validen Daten sogenannte \u00bbHotspots\u00ab zu identifizieren, also z.B. Prozesse einer Produktion, die besonders viele Emissionen aussto\u00dfen. Daraus k\u00f6nnen wir Ma\u00dfnahmen ableiten, um die Emissionsintensit\u00e4t zu verringern. Zudem setzen wir uns in unserer Forschungsgruppe intensiv mit dem Thema Kreislaufwirtschaft auseinander. Das hei\u00dft, wir versuchen Wege zu finden, Materialien und Produkte in einen geschlossenen Kreislauf zu \u00fcberf\u00fchren.<\/p>\n\n\n\n<p>Das betrifft auch zunehmend die sinnvolle Verwendung und Verwertung biologischer Rest- und Abfallstoffe. Durch das Aufzeigen von Potentialen zur kaskadenartigen Nutzung dieser Stoffe versuchen wir eine nachhaltige Bio\u00f6konomie zu etablieren. <\/p>\n\n\n\n<p>Dabei spielen biointelligente Technologien aus unserer Sicht eine zentrale Rolle. Der Grundgedanke von biointelligenten Technologien liegt in der Verkn\u00fcpfung eines Informationssystems mit einem technischen und einem biologischen System. In der Interaktion und Kommunikation zwischen den drei Systemen liegt die M\u00f6glichkeit zur Selbstoptimierung. Solche Technologien werden bei uns am IPA im Zentrum f\u00fcr Biointelligente Produktion entwickelt und ganzheitlich bewertet.<\/p>\n\n\n\n<p><strong>Warum muss die Industrie nachhaltiger werden?<\/strong><\/p>\n\n\n\n<p>Der industrielle Sektor ist der zweitgr\u00f6\u00dfte Emittent von Treibhausgasemissionen. Daher haben wir in diesem Sektor einen sehr gro\u00dfen Hebel, um die ambitionierten und doch mehr als notwendigen Klimaziele zu erreichen. Es gibt nicht nur rein idealistische Gr\u00fcnde, um proaktiv zu handeln. Schlie\u00dflich ist damit zu rechnen, dass Unternehmen unter anderem durch Regularien in naher Zukunft ohnehin dazu verpflichtet sind. Zudem k\u00f6nnen Unternehmen durch effiziente Produktionsprozesse Material, Energie und sonstige Inputfaktoren einsparen. Jedes Kilo Material und jede Kilowattstunde, die nicht ben\u00f6tigt wird, ist aus Unternehmenssicht vorteilhaft. Durch die St\u00e4rkung der Kreislauff\u00fchrung entsteht zudem Sicherheit bzw. Resilienz gegen\u00fcber Lieferausf\u00e4llen. Indem regionale Kreisl\u00e4ufe geschlossen werden und Produkte, Komponenten und Materialien nicht verloren gehen, besteht ein geringerer Bedarf an Prim\u00e4rmaterial aus globalen Lieferketten. Au\u00dferdem l\u00e4sst sich die Wettbewerbsf\u00e4higkeit steigern. Sowohl Investor*innen als auch die nachgelagerte Lieferkette bis hin zu den Endkund*innen erwarten von Unternehmen und Produkten zunehmend, dass gewisse \u00f6kologische Standards eingehalten werden.<\/p>\n\n\n\n<p><\/p>\n<\/div>\n\n\n\n<div class=\"wp-block-column is-layout-flow wp-block-column-is-layout-flow\">\n<figure class=\"wp-block-image size-full\"><img loading=\"lazy\" decoding=\"async\" width=\"1920\" height=\"1280\" src=\"https:\/\/s-tec.de\/wp-content\/uploads\/2023\/03\/Steffen-Kiemel.jpg\" alt=\"Aufnahme von Steffen Kiemel am Fraunhofer IPA\" class=\"wp-image-6998\" srcset=\"https:\/\/s-tec.de\/wp-content\/uploads\/2023\/03\/Steffen-Kiemel.jpg 1920w, https:\/\/s-tec.de\/wp-content\/uploads\/2023\/03\/Steffen-Kiemel-1100x733.jpg 1100w, https:\/\/s-tec.de\/wp-content\/uploads\/2023\/03\/Steffen-Kiemel-768x512.jpg 768w, https:\/\/s-tec.de\/wp-content\/uploads\/2023\/03\/Steffen-Kiemel-1536x1024.jpg 1536w\" sizes=\"auto, (max-width: 1920px) 100vw, 1920px\" \/><figcaption>\u00a9 Fraunhofer IPA; Foto: Rainer Bez<\/figcaption><\/figure>\n\n\n\n<blockquote class=\"wp-block-quote has-text-align-center is-layout-flow wp-block-quote-is-layout-flow\"><p>Wir versuchen Wege zu finden, Materialien und Produkte aus dem industriellen Umfeld in einen geschlossenen Kreislauf zu f\u00fchren, sodass Rest- und Abfallstoffe sinnvoll verwertet werden.<\/p><cite>M.Sc. Steffen Kiemel<\/cite><\/blockquote>\n\n\n\n<p><br><strong>Was hindert Unternehmen aktuell noch in Bezug auf ihre Klima- bzw. Umweltneutralit\u00e4t?<\/strong><\/p>\n\n\n\n<p>Das beginnt oftmals bereits beim ersten Schritt \u2013 der Bilanzierung der eigenen Umweltwirkung. Hierf\u00fcr notwendige Daten und Kompetenzen liegen in vielen F\u00e4llen nicht vor. Zudem ist f\u00fcr viele das Thema Nachhaltigkeit \u2013 bzw. der \u00f6kologischen Aspekte davon \u2013 nicht wirklich greifbar und auf den ersten Blick mit hohen Kosten verbunden. Sich mit den eigenen \u00f6kologischen Auswirkungen zu befassen, bedeutet aber nicht per se, dass Mehrkosten entstehen. Es gibt etliche Ma\u00dfnahmen, die einfach einzubinden sind und sich schnell amortisieren. Viele Unternehmen realisieren diese \u00bblow hanging fruits\u00ab nicht, obwohl das sowohl einen \u00f6konomischen als auch einen \u00f6kologischen Mehrwert h\u00e4tte. Es ist eine zentrale Aufgabe von Forschung, Politik und verschiedenen Verb\u00e4nden, daf\u00fcr zu sensibilisieren und nat\u00fcrlich weitere innovative Ans\u00e4tze zur Emissionsreduktion zu entwickeln und zu f\u00f6rdern. Ein Wandel hin zur Klimaneutralit\u00e4t kann nur stattfinden, wenn Unternehmen klar wird, dass das Ganze die eigene Wettbewerbs- sowie Innovationsf\u00e4higkeit steigert. So birgt beispielsweise die Green Tech Branche ein gro\u00dfes Wachstumspotential. Sowohl f\u00fcr einzelne Unternehmen als auch f\u00fcr den Bund und die L\u00e4nder, ist es sinnvoll und ratsam, sich in diesem Bereich strategisch zu positionieren.<\/p>\n\n\n\n<p><strong>Inwiefern k\u00f6nnen Unternehmen von einer Kooperation mit dem ZKP profitieren?<\/strong><\/p>\n\n\n\n<p>Die Themenschwerpunkte, die wir in unserem Zentrum definiert haben, betreffen aus unserer Sicht genau die Herausforderungen, mit denen viele Unternehmen zu k\u00e4mpfen haben. Von der Erarbeitung hocheffizienter Vorgehensmodelle zur Ermittlung des Corporate- und Product Carbon Footprint und der Einhaltung von Regularien im Kontext der Material Compliance \u00fcber die Identifikation innovativer Ma\u00dfnahmen zur Treibhausgasreduktion bis hin zur Nutzung digitaler Tools im Bereich des Nachhaltigkeitsmanagements \u2013 f\u00fcr all das k\u00f6nnen wir am ZKP gemeinsam mit Unternehmen passgenaue L\u00f6sungen erarbeiten. \u00dcbrigens werden diese Projektformate vom Wirtschaftsministerium Baden-W\u00fcrttemberg gef\u00f6rdert. Der Aufwand, den teilnehmende Unternehmen leisten m\u00fcssen, besteht letztlich in ihrer aktiven Mitarbeit. Durch die Einbindung firmeneigener Kompetenzen und dem vorhandenen Wissen k\u00f6nnen wir relevante Resultate erarbeiten. Von den Ergebnissen einzelner Projekte sollen auch andere Unternehmen profitieren. Deshalb ist es uns ein Anliegen, Erkenntnisse in verallgemeinerter Form zu ver\u00f6ffentlichen und so das erarbeitete Wissen zu transferieren.<\/p>\n\n\n\n<p><strong>Was macht Dir am meisten Spa\u00df an Deiner Arbeit?<\/strong><\/p>\n\n\n\n<p>Durch die anwendungsorientierte Forschung haben wir Kontakt mit vielen interessanten Menschen, von denen wir lernen k\u00f6nnen. Es ist ein st\u00e4ndiges Geben und Nehmen. Auch in unseren Forschungsthemen sind wir sehr vielseitig aufgestellt. Von der Klimaneutralit\u00e4t \u00fcber die Bio\u00f6konomie bis hin zur Biointelligenz bearbeiten wir Themen, die f\u00fcr mich pers\u00f6nlich alle sehr relevant und sinnstiftend sind.<\/p>\n\n\n\n<p><\/p>\n\n\n\n<p><\/p>\n\n\n\n<p><\/p>\n\n\n\n<p><\/p>\n\n\n\n<p><\/p>\n\n\n\n<p><\/p>\n\n\n\n<p><\/p>\n<\/div>\n<\/div>\n\n\n\n<div class=\"wp-block-columns is-layout-flex wp-container-core-columns-is-layout-9d6595d7 wp-block-columns-is-layout-flex\"><\/div>\n<\/div>\n<\/div>\n<\/div><\/div>\n\n\n\n\n<div class=\"wp-block-group\"><div class=\"wp-block-group__inner-container is-layout-flow wp-block-group-is-layout-flow\">\n<div class=\"wp-block-columns is-layout-flex wp-container-core-columns-is-layout-9d6595d7 wp-block-columns-is-layout-flex\">\n<div class=\"wp-block-column is-layout-flow wp-block-column-is-layout-flow\">\n<h2 class=\"wp-block-heading\">Weitere Artikel<\/h2>\n<\/div>\n\n\n\n<div class=\"wp-block-column is-layout-flow wp-block-column-is-layout-flow\">\n<p><\/p>\n<\/div>\n<\/div>\n\n\n\n    \n    \n<div id=\"v4core-post-list--1\" class=\"PostList PostList--post PostList--slider\">\n\n    \n        <article class=\"PostList-no-results\">\n    <div class=\"PostList-item-link-content\">\n        <p class=\"PostList-item-link-content-title\">\n            <span class=\"PostList-item-link-content-category h6 has-magenta-color\">Keine Ergebnisse gefunden<\/span><br>\n            Versuchen Sie die Filterung anzupassen\n        <\/p>\n    <\/div>\n<\/article>\n\n                <div class=\"swiper-container\">\n            \n            <div class=\"PostList-posts PostList-posts--post swiper-wrapper\">\n                \n    \n    \n<article\n        class=\"PostList-item PostList-item--post post_type-post-7090 swiper-slide\"\n        data-post=\"7090\">\n    <a class=\"PostList-item-link\" href=\"https:\/\/s-tec.de\/en\/aus-dem-alltag-von-daniel-wehner\/\" title=\"Aus dem Alltag von&#8230; Daniel Wehner\">\n\n        <div class=\"PostList-item-image\"\n             style=\"background-image: url(https:\/\/s-tec.de\/wp-content\/uploads\/2023\/05\/Daniel-Wehner.jpg);\">\n            <p class=\"PostList-item-overlay has-blue-background-color\"><\/p>\n                            <p class=\"PostList-item-category has-grey-color\">\n                    Interview                <\/p>\n                    <\/div>\n\n        <div class=\"PostList-item-content\">\n            <p class=\"PostList-item-content-title h6 has-black-color\">Aus dem Alltag von&#8230; Daniel Wehner<\/p>\n            <p class=\"PostList-item-content-excerpt has-black-color\">Im Interview mit S-TEC erkl\u00e4rt Dr. Daniel Wehner welche Rolle Ganzheitliche Bilanzierung f\u00fcr die Nachhaltigkeitsstrategie von Unternehmen hat und warum es f\u00fcr Unternehmen wichtig ist, eigene Kompetenzen im Bereich Ganzheitlicher Bilanzierung aufzubauen.<\/p>\n            <p class=\"PostList-item-content-date has-grey-color\">\n                <svg xmlns=\"http:\/\/www.w3.org\/2000\/svg\" width=\"18\" height=\"18\" viewBox=\"0 0 18 18\">\n                    <g id=\"icon-clock\" transform=\"translate(-1 -1)\">\n                        <circle id=\"Ellipse_161\" data-name=\"Ellipse 161\" cx=\"8\" cy=\"8\" r=\"8\" transform=\"translate(2 2)\" fill=\"none\" stroke=\"#a8a8a8\" stroke-linecap=\"round\" stroke-width=\"2\"\/>\n                        <path id=\"Pfad_1784\" data-name=\"Pfad 1784\" d=\"M12,6v4.8l3.2,1.6\" transform=\"translate(-2 -0.8)\" fill=\"none\" stroke=\"#a8a8a8\" stroke-linecap=\"round\" stroke-width=\"2\"\/>\n                    <\/g>\n                <\/svg>\n                <span>26.09.2024<\/span>\n            <\/p>\n        <\/div>\n\n    <\/a>\n<\/article>    \n<article\n        class=\"PostList-item PostList-item--post post_type-post-7202 swiper-slide\"\n        data-post=\"7202\">\n    <a class=\"PostList-item-link\" href=\"https:\/\/s-tec.de\/en\/aus-dem-alltag-von-julian-grimm\/\" title=\"Aus dem Alltag von&#8230; Julian Grimm\">\n\n        <div class=\"PostList-item-image\"\n             style=\"background-image: url(https:\/\/s-tec.de\/wp-content\/uploads\/2023\/09\/Bild-Julian-Grimm.jpg);\">\n            <p class=\"PostList-item-overlay has-blue-background-color\"><\/p>\n                            <p class=\"PostList-item-category has-grey-color\">\n                    Interview                <\/p>\n                    <\/div>\n\n        <div class=\"PostList-item-content\">\n            <p class=\"PostList-item-content-title h6 has-black-color\">Aus dem Alltag von&#8230; Julian Grimm<\/p>\n            <p class=\"PostList-item-content-excerpt has-black-color\">Im Interview mit S-TEC erkl\u00e4rt Julian Grimm, wie innovative Batterietechnologien ein wirksamer Beitrag f\u00fcr eine nachhaltige Zukunft sein k\u00f6nnen. <\/p>\n            <p class=\"PostList-item-content-date has-grey-color\">\n                <svg xmlns=\"http:\/\/www.w3.org\/2000\/svg\" width=\"18\" height=\"18\" viewBox=\"0 0 18 18\">\n                    <g id=\"icon-clock\" transform=\"translate(-1 -1)\">\n                        <circle id=\"Ellipse_161\" data-name=\"Ellipse 161\" cx=\"8\" cy=\"8\" r=\"8\" transform=\"translate(2 2)\" fill=\"none\" stroke=\"#a8a8a8\" stroke-linecap=\"round\" stroke-width=\"2\"\/>\n                        <path id=\"Pfad_1784\" data-name=\"Pfad 1784\" d=\"M12,6v4.8l3.2,1.6\" transform=\"translate(-2 -0.8)\" fill=\"none\" stroke=\"#a8a8a8\" stroke-linecap=\"round\" stroke-width=\"2\"\/>\n                    <\/g>\n                <\/svg>\n                <span>18.11.2024<\/span>\n            <\/p>\n        <\/div>\n\n    <\/a>\n<\/article>    \n<article\n        class=\"PostList-item PostList-item--post post_type-post-7591  post_type-topic-4415 post_type-centre-3997 swiper-slide\"\n        data-post=\"7591\">\n    <a class=\"PostList-item-link\" href=\"https:\/\/s-tec.de\/en\/drei-fragen-an-werner-kraus\/\" title=\"Drei Fragen an&#8230; Werner Kraus\">\n\n        <div class=\"PostList-item-image\"\n             style=\"background-image: url(https:\/\/s-tec.de\/wp-content\/uploads\/2024\/08\/Werner_Kraus_IPA_7177883F-5D68-480C-8D43-EDD7D90F78B7.webp);\">\n            <p class=\"PostList-item-overlay has-blue-background-color\"><\/p>\n                            <p class=\"PostList-item-category has-grey-color\">\n                    Interview                <\/p>\n                    <\/div>\n\n        <div class=\"PostList-item-content\">\n            <p class=\"PostList-item-content-title h6 has-black-color\">Drei Fragen an&#8230; Werner Kraus<\/p>\n            <p class=\"PostList-item-content-excerpt has-black-color\">Ein Gespr\u00e4ch \u00fcber Robotik als Verk\u00f6rperung der k\u00fcnstlichen Intelligenz und blicke in die Zukunft der Robotik: Wir haben beim Open Lab Day mit Werner Kraus, dem Leiter des KI-Fortschrittszentrums von S-TEC, gesprochen. <\/p>\n            <p class=\"PostList-item-content-date has-grey-color\">\n                <svg xmlns=\"http:\/\/www.w3.org\/2000\/svg\" width=\"18\" height=\"18\" viewBox=\"0 0 18 18\">\n                    <g id=\"icon-clock\" transform=\"translate(-1 -1)\">\n                        <circle id=\"Ellipse_161\" data-name=\"Ellipse 161\" cx=\"8\" cy=\"8\" r=\"8\" transform=\"translate(2 2)\" fill=\"none\" stroke=\"#a8a8a8\" stroke-linecap=\"round\" stroke-width=\"2\"\/>\n                        <path id=\"Pfad_1784\" data-name=\"Pfad 1784\" d=\"M12,6v4.8l3.2,1.6\" transform=\"translate(-2 -0.8)\" fill=\"none\" stroke=\"#a8a8a8\" stroke-linecap=\"round\" stroke-width=\"2\"\/>\n                    <\/g>\n                <\/svg>\n                <span>06.07.2025<\/span>\n            <\/p>\n        <\/div>\n\n    <\/a>\n<\/article>    \n<article\n        class=\"PostList-item PostList-item--post post_type-post-7577  post_type-topic-4415 post_type-centre-3997 swiper-slide\"\n        data-post=\"7577\">\n    <a class=\"PostList-item-link\" href=\"https:\/\/s-tec.de\/en\/drei-fragen-an-dr-matthias-peissner\/\" title=\"Drei Fragen an&#8230; Dr. Matthias Peissner\">\n\n        <div class=\"PostList-item-image\"\n             style=\"background-image: url(https:\/\/s-tec.de\/wp-content\/uploads\/2024\/08\/matthias-peissner.jpg);\">\n            <p class=\"PostList-item-overlay has-blue-background-color\"><\/p>\n                            <p class=\"PostList-item-category has-grey-color\">\n                    Interview                <\/p>\n                    <\/div>\n\n        <div class=\"PostList-item-content\">\n            <p class=\"PostList-item-content-title h6 has-black-color\">Drei Fragen an&#8230; Dr. Matthias Peissner<\/p>\n            <p class=\"PostList-item-content-excerpt has-black-color\">Wir haben beim Open Lab Day mit Dr. Matthias Peissner, dem Leiter des Forschungsbereiches Mensch-Technik-Interaktion am KI-Fortschrittszentrum, gesprochen. <\/p>\n            <p class=\"PostList-item-content-date has-grey-color\">\n                <svg xmlns=\"http:\/\/www.w3.org\/2000\/svg\" width=\"18\" height=\"18\" viewBox=\"0 0 18 18\">\n                    <g id=\"icon-clock\" transform=\"translate(-1 -1)\">\n                        <circle id=\"Ellipse_161\" data-name=\"Ellipse 161\" cx=\"8\" cy=\"8\" r=\"8\" transform=\"translate(2 2)\" fill=\"none\" stroke=\"#a8a8a8\" stroke-linecap=\"round\" stroke-width=\"2\"\/>\n                        <path id=\"Pfad_1784\" data-name=\"Pfad 1784\" d=\"M12,6v4.8l3.2,1.6\" transform=\"translate(-2 -0.8)\" fill=\"none\" stroke=\"#a8a8a8\" stroke-linecap=\"round\" stroke-width=\"2\"\/>\n                    <\/g>\n                <\/svg>\n                <span>01.07.2025<\/span>\n            <\/p>\n        <\/div>\n\n    <\/a>\n<\/article>    \n<article\n        class=\"PostList-item PostList-item--post post_type-post-7051 swiper-slide\"\n        data-post=\"7051\">\n    <a class=\"PostList-item-link\" href=\"https:\/\/s-tec.de\/en\/aus-dem-alltag-von-sabine-krieg\/\" title=\"Aus dem Alltag von&#8230; Sabine Krieg\">\n\n        <div class=\"PostList-item-image\"\n             style=\"background-image: url(https:\/\/s-tec.de\/wp-content\/uploads\/2023\/04\/Krieg-Kopie.jpg);\">\n            <p class=\"PostList-item-overlay has-blue-background-color\"><\/p>\n                            <p class=\"PostList-item-category has-grey-color\">\n                    Interview                <\/p>\n                    <\/div>\n\n        <div class=\"PostList-item-content\">\n            <p class=\"PostList-item-content-title h6 has-black-color\">Aus dem Alltag von&#8230; Sabine Krieg<\/p>\n            <p class=\"PostList-item-content-excerpt has-black-color\">Im Interview mit S-TEC erkl\u00e4rt Sabine Krieg, wie man Wissenschaftler*innen mit unterschiedlichen Kompetenzen zusammenbringt und dadurch Innovationsideen entstehen l\u00e4sst.<\/p>\n            <p class=\"PostList-item-content-date has-grey-color\">\n                <svg xmlns=\"http:\/\/www.w3.org\/2000\/svg\" width=\"18\" height=\"18\" viewBox=\"0 0 18 18\">\n                    <g id=\"icon-clock\" transform=\"translate(-1 -1)\">\n                        <circle id=\"Ellipse_161\" data-name=\"Ellipse 161\" cx=\"8\" cy=\"8\" r=\"8\" transform=\"translate(2 2)\" fill=\"none\" stroke=\"#a8a8a8\" stroke-linecap=\"round\" stroke-width=\"2\"\/>\n                        <path id=\"Pfad_1784\" data-name=\"Pfad 1784\" d=\"M12,6v4.8l3.2,1.6\" transform=\"translate(-2 -0.8)\" fill=\"none\" stroke=\"#a8a8a8\" stroke-linecap=\"round\" stroke-width=\"2\"\/>\n                    <\/g>\n                <\/svg>\n                <span>27.04.2023<\/span>\n            <\/p>\n        <\/div>\n\n    <\/a>\n<\/article>    \n<article\n        class=\"PostList-item PostList-item--post post_type-post-6971 swiper-slide\"\n        data-post=\"6971\">\n    <a class=\"PostList-item-link\" href=\"https:\/\/s-tec.de\/en\/aus-dem-alltag-von-steffen-kiemel\/\" title=\"Aus dem Alltag von \u2026 Steffen Kiemel\">\n\n        <div class=\"PostList-item-image\"\n             style=\"background-image: url(https:\/\/s-tec.de\/wp-content\/uploads\/2023\/03\/Steffen-Kiemel.jpg);\">\n            <p class=\"PostList-item-overlay has-blue-background-color\"><\/p>\n                            <p class=\"PostList-item-category has-grey-color\">\n                    Interview                <\/p>\n                    <\/div>\n\n        <div class=\"PostList-item-content\">\n            <p class=\"PostList-item-content-title h6 has-black-color\">Aus dem Alltag von \u2026 Steffen Kiemel<\/p>\n            <p class=\"PostList-item-content-excerpt has-black-color\">Industrie und Umweltneutralit\u00e4t? Wie das schrittweise gelingen kann und warum sich eine Kooperation mit dem ZKP f\u00fcr Unternehmen lohnt, beschreibt Steffen Kiemel im Interview.<\/p>\n            <p class=\"PostList-item-content-date has-grey-color\">\n                <svg xmlns=\"http:\/\/www.w3.org\/2000\/svg\" width=\"18\" height=\"18\" viewBox=\"0 0 18 18\">\n                    <g id=\"icon-clock\" transform=\"translate(-1 -1)\">\n                        <circle id=\"Ellipse_161\" data-name=\"Ellipse 161\" cx=\"8\" cy=\"8\" r=\"8\" transform=\"translate(2 2)\" fill=\"none\" stroke=\"#a8a8a8\" stroke-linecap=\"round\" stroke-width=\"2\"\/>\n                        <path id=\"Pfad_1784\" data-name=\"Pfad 1784\" d=\"M12,6v4.8l3.2,1.6\" transform=\"translate(-2 -0.8)\" fill=\"none\" stroke=\"#a8a8a8\" stroke-linecap=\"round\" stroke-width=\"2\"\/>\n                    <\/g>\n                <\/svg>\n                <span>14.03.2023<\/span>\n            <\/p>\n        <\/div>\n\n    <\/a>\n<\/article>    \n<article\n        class=\"PostList-item PostList-item--post post_type-post-6996 swiper-slide\"\n        data-post=\"6996\">\n    <a class=\"PostList-item-link\" href=\"https:\/\/s-tec.de\/en\/unterstuetzung-fuer-ihr-unternehmen-auf-dem-weg-zur-klimaneutralitaet\/\" title=\"Unterst\u00fctzung f\u00fcr Ihr Unternehmen auf dem Weg zur Klimaneutralit\u00e4t\">\n\n        <div class=\"PostList-item-image\"\n             style=\"background-image: url(https:\/\/s-tec.de\/wp-content\/uploads\/2022\/09\/5956-Klimaneutrale-Unternehmen_ke-\u00a9-LeManna-iStock_Fraunhofer-IAO-1-e1663062614279.jpg);\">\n            <p class=\"PostList-item-overlay has-blue-background-color\"><\/p>\n                            <p class=\"PostList-item-category has-grey-color\">\n                    Event                <\/p>\n                    <\/div>\n\n        <div class=\"PostList-item-content\">\n            <p class=\"PostList-item-content-title h6 has-black-color\">Unterst\u00fctzung f\u00fcr Ihr Unternehmen auf dem Weg zur Klimaneutralit\u00e4t<\/p>\n            <p class=\"PostList-item-content-excerpt has-black-color\">In der Info-Session erfahren interessierte Vertreterinnen und Vertreter von Industrieunternehmen aller Branchen und Gr\u00f6\u00dfen aus Baden-W\u00fcrttemberg die M\u00f6glichkeiten der Zusammenarbeit mit dem Zentrum f\u00fcr Klimaneutrale Produktion und Ganzheitliche Bilanzierung.<\/p>\n            <p class=\"PostList-item-content-date has-grey-color\">\n                <svg xmlns=\"http:\/\/www.w3.org\/2000\/svg\" width=\"18\" height=\"18\" viewBox=\"0 0 18 18\">\n                    <g id=\"icon-clock\" transform=\"translate(-1 -1)\">\n                        <circle id=\"Ellipse_161\" data-name=\"Ellipse 161\" cx=\"8\" cy=\"8\" r=\"8\" transform=\"translate(2 2)\" fill=\"none\" stroke=\"#a8a8a8\" stroke-linecap=\"round\" stroke-width=\"2\"\/>\n                        <path id=\"Pfad_1784\" data-name=\"Pfad 1784\" d=\"M12,6v4.8l3.2,1.6\" transform=\"translate(-2 -0.8)\" fill=\"none\" stroke=\"#a8a8a8\" stroke-linecap=\"round\" stroke-width=\"2\"\/>\n                    <\/g>\n                <\/svg>\n                <span>10.03.2023<\/span>\n            <\/p>\n        <\/div>\n\n    <\/a>\n<\/article>    \n<article\n        class=\"PostList-item PostList-item--post post_type-post-6881 swiper-slide\"\n        data-post=\"6881\">\n    <a class=\"PostList-item-link\" href=\"https:\/\/s-tec.de\/en\/innovationskraft-fuer-eine-nachhaltige-arbeitswelt\/\" title=\"Innovationskraft f\u00fcr eine nachhaltige Arbeitswelt\">\n\n        <div class=\"PostList-item-image\"\n             style=\"background-image: url(https:\/\/s-tec.de\/wp-content\/uploads\/2023\/01\/IM7A9819_klein-e1675190014237.jpg);\">\n            <p class=\"PostList-item-overlay has-blue-background-color\"><\/p>\n                            <p class=\"PostList-item-category has-grey-color\">\n                    News                <\/p>\n                    <\/div>\n\n        <div class=\"PostList-item-content\">\n            <p class=\"PostList-item-content-title h6 has-black-color\">Innovationskraft f\u00fcr eine nachhaltige Arbeitswelt<\/p>\n            <p class=\"PostList-item-content-excerpt has-black-color\">Ministerpr\u00e4sident Kretschmann zu Besuch bei S-TEC: Die Campus-Tour verdeutlichte, mit welchen Innovationen ressourceneffizientes Wirtschaften gelingt, um den vom Land Baden-W\u00fcrttemberg eingeschlagenen Innovationskurs fortzusetzen.<\/p>\n            <p class=\"PostList-item-content-date has-grey-color\">\n                <svg xmlns=\"http:\/\/www.w3.org\/2000\/svg\" width=\"18\" height=\"18\" viewBox=\"0 0 18 18\">\n                    <g id=\"icon-clock\" transform=\"translate(-1 -1)\">\n                        <circle id=\"Ellipse_161\" data-name=\"Ellipse 161\" cx=\"8\" cy=\"8\" r=\"8\" transform=\"translate(2 2)\" fill=\"none\" stroke=\"#a8a8a8\" stroke-linecap=\"round\" stroke-width=\"2\"\/>\n                        <path id=\"Pfad_1784\" data-name=\"Pfad 1784\" d=\"M12,6v4.8l3.2,1.6\" transform=\"translate(-2 -0.8)\" fill=\"none\" stroke=\"#a8a8a8\" stroke-linecap=\"round\" stroke-width=\"2\"\/>\n                    <\/g>\n                <\/svg>\n                <span>31.01.2023<\/span>\n            <\/p>\n        <\/div>\n\n    <\/a>\n<\/article>    \n<article\n        class=\"PostList-item PostList-item--post post_type-post-6840 swiper-slide\"\n        data-post=\"6840\">\n    <a class=\"PostList-item-link\" href=\"https:\/\/s-tec.de\/en\/aus-dem-alltag-von-marco-schneider\/\" title=\"Aus dem Alltag von \u2026 Marco Schneider\">\n\n        <div class=\"PostList-item-image\"\n             style=\"background-image: url(https:\/\/s-tec.de\/wp-content\/uploads\/2023\/01\/Portrait-Marco-Schneider.jpg);\">\n            <p class=\"PostList-item-overlay has-blue-background-color\"><\/p>\n                            <p class=\"PostList-item-category has-grey-color\">\n                    Interview                <\/p>\n                    <\/div>\n\n        <div class=\"PostList-item-content\">\n            <p class=\"PostList-item-content-title h6 has-black-color\">Aus dem Alltag von \u2026 Marco Schneider<\/p>\n            <p class=\"PostList-item-content-excerpt has-black-color\">Leichtbautechnologien bieten ein enormes Potential, um die Produktivit\u00e4t zu steigern und Energie einzusparen. In welchen Bereichen und Anwendungen das besonders sinnvoll ist, erkl\u00e4rt Marco Schneider im Interview.<\/p>\n            <p class=\"PostList-item-content-date has-grey-color\">\n                <svg xmlns=\"http:\/\/www.w3.org\/2000\/svg\" width=\"18\" height=\"18\" viewBox=\"0 0 18 18\">\n                    <g id=\"icon-clock\" transform=\"translate(-1 -1)\">\n                        <circle id=\"Ellipse_161\" data-name=\"Ellipse 161\" cx=\"8\" cy=\"8\" r=\"8\" transform=\"translate(2 2)\" fill=\"none\" stroke=\"#a8a8a8\" stroke-linecap=\"round\" stroke-width=\"2\"\/>\n                        <path id=\"Pfad_1784\" data-name=\"Pfad 1784\" d=\"M12,6v4.8l3.2,1.6\" transform=\"translate(-2 -0.8)\" fill=\"none\" stroke=\"#a8a8a8\" stroke-linecap=\"round\" stroke-width=\"2\"\/>\n                    <\/g>\n                <\/svg>\n                <span>24.01.2023<\/span>\n            <\/p>\n        <\/div>\n\n    <\/a>\n<\/article>    \n<article\n        class=\"PostList-item PostList-item--post post_type-post-6681 swiper-slide\"\n        data-post=\"6681\">\n    <a class=\"PostList-item-link\" href=\"https:\/\/s-tec.de\/en\/erfolgsfaktor-klimaneutralitaet-das-spitzentreffen-im-rueckblick\/\" title=\"Erfolgsfaktor Klimaneutralit\u00e4t \u2013 Das \u00bbSpitzentreffen\u00ab im R\u00fcckblick\">\n\n        <div class=\"PostList-item-image\"\n             style=\"background-image: url(https:\/\/s-tec.de\/wp-content\/uploads\/2022\/11\/Beitragsbild-Spitzentreffen-Rueckblick.jpg);\">\n            <p class=\"PostList-item-overlay has-blue-background-color\"><\/p>\n                            <p class=\"PostList-item-category has-grey-color\">\n                    Event                <\/p>\n                    <\/div>\n\n        <div class=\"PostList-item-content\">\n            <p class=\"PostList-item-content-title h6 has-black-color\">Erfolgsfaktor Klimaneutralit\u00e4t \u2013 Das \u00bbSpitzentreffen\u00ab im R\u00fcckblick<\/p>\n            <p class=\"PostList-item-content-excerpt has-black-color\">Das diesj\u00e4hrige Spitzentreffen zur betrieblichen Klimaneutralit\u00e4t setzte mit inspirierenden Keynotes, Fachvortr\u00e4gen und Praxisbeispielen aus der Industrie wichtige Impulse. <\/p>\n            <p class=\"PostList-item-content-date has-grey-color\">\n                <svg xmlns=\"http:\/\/www.w3.org\/2000\/svg\" width=\"18\" height=\"18\" viewBox=\"0 0 18 18\">\n                    <g id=\"icon-clock\" transform=\"translate(-1 -1)\">\n                        <circle id=\"Ellipse_161\" data-name=\"Ellipse 161\" cx=\"8\" cy=\"8\" r=\"8\" transform=\"translate(2 2)\" fill=\"none\" stroke=\"#a8a8a8\" stroke-linecap=\"round\" stroke-width=\"2\"\/>\n                        <path id=\"Pfad_1784\" data-name=\"Pfad 1784\" d=\"M12,6v4.8l3.2,1.6\" transform=\"translate(-2 -0.8)\" fill=\"none\" stroke=\"#a8a8a8\" stroke-linecap=\"round\" stroke-width=\"2\"\/>\n                    <\/g>\n                <\/svg>\n                <span>01.12.2022<\/span>\n            <\/p>\n        <\/div>\n\n    <\/a>\n<\/article>    \n<article\n        class=\"PostList-item PostList-item--post post_type-post-8613 swiper-slide\"\n        data-post=\"8613\">\n    <a class=\"PostList-item-link\" href=\"https:\/\/s-tec.de\/en\/neues-s-tec-zentrum-fuer-biointelligente-wertschoepfung-in-stuttgart-eroeffnet\/\" title=\"Neues S-TEC Zentrum f\u00fcr Biointelligente Wertsch\u00f6pfung in Stuttgart er\u00f6ffnet!\">\n\n        <div class=\"PostList-item-image\"\n             style=\"background-image: url(https:\/\/s-tec.de\/wp-content\/uploads\/2026\/03\/2025-10-Foto-Summit.jpg);\">\n            <p class=\"PostList-item-overlay has-blue-background-color\"><\/p>\n                            <p class=\"PostList-item-category has-grey-color\">\n                    News                <\/p>\n                    <\/div>\n\n        <div class=\"PostList-item-content\">\n            <p class=\"PostList-item-content-title h6 has-black-color\">Neues S-TEC Zentrum f\u00fcr Biointelligente Wertsch\u00f6pfung in Stuttgart er\u00f6ffnet!<\/p>\n            <p class=\"PostList-item-content-excerpt has-black-color\">Das Ministerium f\u00fcr Wirtschaft, Arbeit und Tourismus Baden-W\u00fcrttemberg f\u00f6rdert den Aufbau eines neuen Zentrums f\u00fcr Biointelligente Wertsch\u00f6pfung in Stuttgart mit rund neun Millionen Euro. Zwei Fraunhofer-Institute sowie mehrere Institute der Universit\u00e4ten Stuttgart und Hohenheim b\u00fcndeln in dem neuen S-TEC-Zentrum ihre Kompetenzen.<\/p>\n            <p class=\"PostList-item-content-date has-grey-color\">\n                <svg xmlns=\"http:\/\/www.w3.org\/2000\/svg\" width=\"18\" height=\"18\" viewBox=\"0 0 18 18\">\n                    <g id=\"icon-clock\" transform=\"translate(-1 -1)\">\n                        <circle id=\"Ellipse_161\" data-name=\"Ellipse 161\" cx=\"8\" cy=\"8\" r=\"8\" transform=\"translate(2 2)\" fill=\"none\" stroke=\"#a8a8a8\" stroke-linecap=\"round\" stroke-width=\"2\"\/>\n                        <path id=\"Pfad_1784\" data-name=\"Pfad 1784\" d=\"M12,6v4.8l3.2,1.6\" transform=\"translate(-2 -0.8)\" fill=\"none\" stroke=\"#a8a8a8\" stroke-linecap=\"round\" stroke-width=\"2\"\/>\n                    <\/g>\n                <\/svg>\n                <span>08.10.2025<\/span>\n            <\/p>\n        <\/div>\n\n    <\/a>\n<\/article>    \n<article\n        class=\"PostList-item PostList-item--post post_type-post-8506 swiper-slide\"\n        data-post=\"8506\">\n    <a class=\"PostList-item-link\" href=\"https:\/\/s-tec.de\/en\/industrial-metaverse-reallabor-baden-wuerttemberg-startet\/\" title=\"Industrial Metaverse Reallabor Baden-W\u00fcrttemberg startet\">\n\n        <div class=\"PostList-item-image\"\n             style=\"background-image: url(https:\/\/s-tec.de\/wp-content\/uploads\/2026\/03\/AdobeStock_305628436-\u00a9-Gorodenkoff-\u2013-Adober-Stock.jpeg);\">\n            <p class=\"PostList-item-overlay has-blue-background-color\"><\/p>\n                            <p class=\"PostList-item-category has-grey-color\">\n                    News                <\/p>\n                    <\/div>\n\n        <div class=\"PostList-item-content\">\n            <p class=\"PostList-item-content-title h6 has-black-color\">Industrial Metaverse Reallabor Baden-W\u00fcrttemberg startet<\/p>\n            <p class=\"PostList-item-content-excerpt has-black-color\">Mit dem neuen \u00bbIndustrial Metaverse Reallabor\u00ab Baden-W\u00fcrttemberg entsteht in Stuttgart ein zentraler Anlaufpunkt f\u00fcr Unternehmen, die das Potenzial von Industrial-Metaverse-Technologien wie Digitalen Zwillingen, Virtual und Augmented Reality sowie K\u00fcnstlicher Intelligenz f\u00fcr ihre digitale Transformation nutzen m\u00f6chten.<\/p>\n            <p class=\"PostList-item-content-date has-grey-color\">\n                <svg xmlns=\"http:\/\/www.w3.org\/2000\/svg\" width=\"18\" height=\"18\" viewBox=\"0 0 18 18\">\n                    <g id=\"icon-clock\" transform=\"translate(-1 -1)\">\n                        <circle id=\"Ellipse_161\" data-name=\"Ellipse 161\" cx=\"8\" cy=\"8\" r=\"8\" transform=\"translate(2 2)\" fill=\"none\" stroke=\"#a8a8a8\" stroke-linecap=\"round\" stroke-width=\"2\"\/>\n                        <path id=\"Pfad_1784\" data-name=\"Pfad 1784\" d=\"M12,6v4.8l3.2,1.6\" transform=\"translate(-2 -0.8)\" fill=\"none\" stroke=\"#a8a8a8\" stroke-linecap=\"round\" stroke-width=\"2\"\/>\n                    <\/g>\n                <\/svg>\n                <span>13.03.2026<\/span>\n            <\/p>\n        <\/div>\n\n    <\/a>\n<\/article>    \n<article\n        class=\"PostList-item PostList-item--post post_type-post-8575 swiper-slide\"\n        data-post=\"8575\">\n    <a class=\"PostList-item-link\" href=\"https:\/\/s-tec.de\/en\/sprint-werkstatt-schnelle-beurteilung-des-nutzens\/\" title=\"Sprint-Werkstatt &#8211; Schnelle Beurteilung des Nutzens\">\n\n        <div class=\"PostList-item-image\"\n             style=\"background-image: url(https:\/\/s-tec.de\/wp-content\/uploads\/2026\/03\/AdobeStock_1939340659-b.jpg);\">\n            <p class=\"PostList-item-overlay has-blue-background-color\"><\/p>\n                            <p class=\"PostList-item-category has-grey-color\">\n                    News                <\/p>\n                    <\/div>\n\n        <div class=\"PostList-item-content\">\n            <p class=\"PostList-item-content-title h6 has-black-color\">Sprint-Werkstatt &#8211; Schnelle Beurteilung des Nutzens<\/p>\n            <p class=\"PostList-item-content-excerpt has-black-color\">Sie haben eine Vorstellung davon, wie Sie neue Technologien f\u00fcr Ihr Unternehmen nutzen m\u00f6chten? Sie suchen nach engagierten Fachleuten, die Ihnen bei der Umsetzung helfen? Die Sprint-Werkstatt dient als kurzes und kompaktes Projektformat, das Ihnen kostenfrei zur Verf\u00fcgung steht.<\/p>\n            <p class=\"PostList-item-content-date has-grey-color\">\n                <svg xmlns=\"http:\/\/www.w3.org\/2000\/svg\" width=\"18\" height=\"18\" viewBox=\"0 0 18 18\">\n                    <g id=\"icon-clock\" transform=\"translate(-1 -1)\">\n                        <circle id=\"Ellipse_161\" data-name=\"Ellipse 161\" cx=\"8\" cy=\"8\" r=\"8\" transform=\"translate(2 2)\" fill=\"none\" stroke=\"#a8a8a8\" stroke-linecap=\"round\" stroke-width=\"2\"\/>\n                        <path id=\"Pfad_1784\" data-name=\"Pfad 1784\" d=\"M12,6v4.8l3.2,1.6\" transform=\"translate(-2 -0.8)\" fill=\"none\" stroke=\"#a8a8a8\" stroke-linecap=\"round\" stroke-width=\"2\"\/>\n                    <\/g>\n                <\/svg>\n                <span>13.10.2025<\/span>\n            <\/p>\n        <\/div>\n\n    <\/a>\n<\/article>            <\/div>\n\n                    <\/div>\n        \n        <div class=\"PostList-meta\">\n\n                            <div class=\"wp-block-buttons\">\n                    <div class=\"wp-block-button\">\n                        <a class=\"wp-block-button__link has-text-color has-background has-gradient-background-color has-black-color\"\n                           href=\"https:\/\/s-tec.de\/magazin\/\">Alle Beitr\u00e4ge<\/a>\n                    <\/div>\n                <\/div>\n            \n                            <div class=\"swiper-buttons\">\n                    <div class=\"swiper-button swiper-button-prev\"><\/div>\n                    <div class=\"swiper-button swiper-button-next\"><\/div>\n                <\/div>\n            \n        <\/div>\n\n        \n<\/div><\/div><\/div>\n\n\n\n\n<p><\/p>\n\n\n\n<p><\/p>\n","protected":false},"excerpt":{"rendered":"<p>Industrie und Umweltneutralit\u00e4t? Wie das schrittweise gelingen kann und warum sich eine Kooperation mit dem ZKP f\u00fcr Unternehmen lohnt, beschreibt Steffen Kiemel im Interview.<\/p>\n","protected":false},"author":10,"featured_media":6998,"comment_status":"closed","ping_status":"closed","sticky":true,"template":"","format":"standard","meta":{"_acf_changed":false,"footnotes":""},"news-category":[36],"class_list":["post-6971","post","type-post","status-publish","format-standard","has-post-thumbnail","hentry","news-category-interview"],"acf":[],"_links":{"self":[{"href":"https:\/\/s-tec.de\/en\/wp-json\/wp\/v2\/posts\/6971","targetHints":{"allow":["GET"]}}],"collection":[{"href":"https:\/\/s-tec.de\/en\/wp-json\/wp\/v2\/posts"}],"about":[{"href":"https:\/\/s-tec.de\/en\/wp-json\/wp\/v2\/types\/post"}],"author":[{"embeddable":true,"href":"https:\/\/s-tec.de\/en\/wp-json\/wp\/v2\/users\/10"}],"replies":[{"embeddable":true,"href":"https:\/\/s-tec.de\/en\/wp-json\/wp\/v2\/comments?post=6971"}],"version-history":[{"count":7,"href":"https:\/\/s-tec.de\/en\/wp-json\/wp\/v2\/posts\/6971\/revisions"}],"predecessor-version":[{"id":8111,"href":"https:\/\/s-tec.de\/en\/wp-json\/wp\/v2\/posts\/6971\/revisions\/8111"}],"wp:featuredmedia":[{"embeddable":true,"href":"https:\/\/s-tec.de\/en\/wp-json\/wp\/v2\/media\/6998"}],"wp:attachment":[{"href":"https:\/\/s-tec.de\/en\/wp-json\/wp\/v2\/media?parent=6971"}],"wp:term":[{"taxonomy":"news-category","embeddable":true,"href":"https:\/\/s-tec.de\/en\/wp-json\/wp\/v2\/news-category?post=6971"}],"curies":[{"name":"wp","href":"https:\/\/api.w.org\/{rel}","templated":true}]}}